{"id":78,"date":"2026-07-19T23:35:00","date_gmt":"2026-07-19T23:35:00","guid":{"rendered":"https:\/\/omeufilhotemasas.pt\/?p=78"},"modified":"2026-07-19T23:35:00","modified_gmt":"2026-07-19T23:35:00","slug":"a-perda-muda-o-rumo-da-nossa-historia-o-amor-escreve-o-resto-das-paginas","status":"publish","type":"post","link":"https:\/\/omeufilhotemasas.pt\/?p=78","title":{"rendered":"A perda muda o rumo da nossa hist\u00f3ria. O amor escreve o resto das p\u00e1ginas."},"content":{"rendered":"\n<p class=\"wp-block-paragraph\">H\u00e1 acontecimentos que chegam sem pedir licen\u00e7a e mudam para sempre o rumo da nossa vida. A perda de algu\u00e9m que amamos \u00e9 um deles. Num instante, tudo aquilo que imagin\u00e1vamos para o futuro deixa de fazer sentido. Os planos ficam suspensos, os sonhos parecem desmoronar-se e o cora\u00e7\u00e3o aprende uma dor que nunca pensou ser capaz de suportar.<\/p>\n\n\n\n<p class=\"wp-block-paragraph\">\u00c9 inevit\u00e1vel. A perda muda a nossa hist\u00f3ria.<\/p>\n\n\n\n<p class=\"wp-block-paragraph\">H\u00e1 um antes e um depois.<\/p>\n\n\n\n<p class=\"wp-block-paragraph\">Mas h\u00e1 algo que a perda nunca consegue controlar: a forma como escolhemos escrever as p\u00e1ginas que ainda faltam viver.<\/p>\n\n\n\n<p class=\"wp-block-paragraph\">Durante muito tempo acreditei que a minha hist\u00f3ria tinha terminado no dia em que perdi quem mais amava. Afinal, percebi que n\u00e3o. O que terminou foi um cap\u00edtulo. O livro continuava aberto.<\/p>\n\n\n\n<p class=\"wp-block-paragraph\">N\u00e3o era o livro que eu desejava escrever. Nunca o teria escolhido. Mas continuava a ter p\u00e1ginas em branco \u00e0 minha espera.<\/p>\n\n\n\n<p class=\"wp-block-paragraph\">Foi ent\u00e3o que compreendi que o amor tem uma for\u00e7a extraordin\u00e1ria.<\/p>\n\n\n\n<p class=\"wp-block-paragraph\">A perda escreve a dor.<\/p>\n\n\n\n<p class=\"wp-block-paragraph\">O amor escreve o significado.<\/p>\n\n\n\n<p class=\"wp-block-paragraph\">A perda deixa sil\u00eancio.<\/p>\n\n\n\n<p class=\"wp-block-paragraph\">O amor encontra palavras.<\/p>\n\n\n\n<p class=\"wp-block-paragraph\">A perda mostra-nos aquilo que j\u00e1 n\u00e3o podemos viver.<\/p>\n\n\n\n<p class=\"wp-block-paragraph\">O amor recorda-nos tudo aquilo que tivemos o privil\u00e9gio de viver.<\/p>\n\n\n\n<p class=\"wp-block-paragraph\">Foi o amor que me ensinou que recordar n\u00e3o \u00e9 viver preso ao passado. \u00c9 permitir que quem partiu continue presente naquilo que sou e na forma como escolho viver.<\/p>\n\n\n\n<p class=\"wp-block-paragraph\">Cada gesto de carinho, cada palavra de esperan\u00e7a, cada m\u00e3o estendida a algu\u00e9m que sofre torna-se uma nova p\u00e1gina escrita com a tinta do amor.<\/p>\n\n\n\n<p class=\"wp-block-paragraph\">Porque o amor n\u00e3o conhece cemit\u00e9rios.<\/p>\n\n\n\n<p class=\"wp-block-paragraph\">Conhece cora\u00e7\u00f5es.<\/p>\n\n\n\n<p class=\"wp-block-paragraph\">E \u00e9 a\u00ed que continua a viver.<\/p>\n\n\n\n<p class=\"wp-block-paragraph\">Hoje sei que nunca deixarei de sentir saudades. Nem quero. A saudade \u00e9 o lugar onde o amor permanece quando a presen\u00e7a j\u00e1 n\u00e3o \u00e9 poss\u00edvel.<\/p>\n\n\n\n<p class=\"wp-block-paragraph\">Mas tamb\u00e9m sei que a vida continua a pedir-me coragem.<\/p>\n\n\n\n<p class=\"wp-block-paragraph\">Coragem para sorrir.<\/p>\n\n\n\n<p class=\"wp-block-paragraph\">Coragem para sonhar.<\/p>\n\n\n\n<p class=\"wp-block-paragraph\">Coragem para amar sem medo.<\/p>\n\n\n\n<p class=\"wp-block-paragraph\">N\u00e3o porque a dor tenha desaparecido, mas porque o amor se tornou maior do que ela.<\/p>\n\n\n\n<p class=\"wp-block-paragraph\">A perda mudou o rumo da minha hist\u00f3ria.<\/p>\n\n\n\n<p class=\"wp-block-paragraph\">Mas o amor continua, todos os dias, a escrever as p\u00e1ginas que ainda faltam.<\/p>\n\n\n\n<p class=\"wp-block-paragraph\">E desejo que, quando o meu livro chegar ao fim, algu\u00e9m possa l\u00ea-lo e perceber que a maior for\u00e7a da minha vida nunca foi a dor que carreguei.<\/p>\n\n\n\n<p class=\"wp-block-paragraph\">Foi o amor que escolhi nunca deixar morrer.<\/p>\n\n\n\n<p class=\"wp-block-paragraph\">Rute Reis Figuinha<\/p>\n\n\n\n<p class=\"wp-block-paragraph\">\ud83d\udc99&nbsp;<\/p>\n","protected":false},"excerpt":{"rendered":"<p>H\u00e1 acontecimentos que chegam sem pedir licen\u00e7a e mudam para sempre o rumo da nossa vida. A perda de algu\u00e9m que amamos \u00e9 um deles. Num instante, tudo aquilo que imagin\u00e1vamos para o futuro deixa de fazer sentido. Os planos ficam suspensos, os sonhos parecem desmoronar-se e o cora\u00e7\u00e3o aprende uma dor que nunca pensou&#8230;<\/p>\n","protected":false},"author":1,"featured_media":0,"comment_status":"open","ping_status":"open","sticky":false,"template":"","format":"standard","meta":{"_kad_post_transparent":"","_kad_post_title":"","_kad_post_layout":"","_kad_post_sidebar_id":"","_kad_post_content_style":"","_kad_post_vertical_padding":"","_kad_post_feature":"","_kad_post_feature_position":"","_kad_post_header":false,"_kad_post_footer":false,"_kad_post_classname":"","footnotes":""},"categories":[1],"tags":[],"class_list":["post-78","post","type-post","status-publish","format-standard","hentry","category-luto"],"_links":{"self":[{"href":"https:\/\/omeufilhotemasas.pt\/index.php?rest_route=\/wp\/v2\/posts\/78","targetHints":{"allow":["GET"]}}],"collection":[{"href":"https:\/\/omeufilhotemasas.pt\/index.php?rest_route=\/wp\/v2\/posts"}],"about":[{"href":"https:\/\/omeufilhotemasas.pt\/index.php?rest_route=\/wp\/v2\/types\/post"}],"author":[{"embeddable":true,"href":"https:\/\/omeufilhotemasas.pt\/index.php?rest_route=\/wp\/v2\/users\/1"}],"replies":[{"embeddable":true,"href":"https:\/\/omeufilhotemasas.pt\/index.php?rest_route=%2Fwp%2Fv2%2Fcomments&post=78"}],"version-history":[{"count":1,"href":"https:\/\/omeufilhotemasas.pt\/index.php?rest_route=\/wp\/v2\/posts\/78\/revisions"}],"predecessor-version":[{"id":79,"href":"https:\/\/omeufilhotemasas.pt\/index.php?rest_route=\/wp\/v2\/posts\/78\/revisions\/79"}],"wp:attachment":[{"href":"https:\/\/omeufilhotemasas.pt\/index.php?rest_route=%2Fwp%2Fv2%2Fmedia&parent=78"}],"wp:term":[{"taxonomy":"category","embeddable":true,"href":"https:\/\/omeufilhotemasas.pt\/index.php?rest_route=%2Fwp%2Fv2%2Fcategories&post=78"},{"taxonomy":"post_tag","embeddable":true,"href":"https:\/\/omeufilhotemasas.pt\/index.php?rest_route=%2Fwp%2Fv2%2Ftags&post=78"}],"curies":[{"name":"wp","href":"https:\/\/api.w.org\/{rel}","templated":true}]}}