{"id":67,"date":"2026-07-19T23:30:17","date_gmt":"2026-07-19T23:30:17","guid":{"rendered":"https:\/\/omeufilhotemasas.pt\/?p=67"},"modified":"2026-07-19T23:30:17","modified_gmt":"2026-07-19T23:30:17","slug":"ha-dores-que-nao-cabem-nas-palavras","status":"publish","type":"post","link":"https:\/\/omeufilhotemasas.pt\/?p=67","title":{"rendered":"H\u00e1 dores que n\u00e3o cabem nas palavras."},"content":{"rendered":"\n<p class=\"wp-block-paragraph\">Se perdeu um filho h\u00e1 pouco tempo, talvez sinta que o mundo continua a girar, enquanto o seu parou naquele instante.<\/p>\n\n\n\n<p class=\"wp-block-paragraph\">Talvez lhe digam para ser forte, para seguir em frente, para acreditar que o tempo ajuda. Mas quem perdeu um filho sabe que o tempo n\u00e3o apaga a aus\u00eancia. Apenas nos ensina, lentamente, a caminhar ao lado dela.<\/p>\n\n\n\n<p class=\"wp-block-paragraph\">Hoje n\u00e3o lhe quero pedir que seja forte.<\/p>\n\n\n\n<p class=\"wp-block-paragraph\">Quero apenas dizer-lhe que pode chorar. Que pode sentir saudades. Que pode falar do seu filho as vezes que precisar. O amor que sente por ele n\u00e3o terminou. O amor n\u00e3o morre. Apenas aprende uma nova forma de existir.<\/p>\n\n\n\n<p class=\"wp-block-paragraph\">Eu tamb\u00e9m percorro este caminho. Tamb\u00e9m conhe\u00e7o o sil\u00eancio de uma casa que nunca mais voltou a ser a mesma. Tamb\u00e9m conhe\u00e7o as perguntas sem resposta, as noites intermin\u00e1veis e o peso de acordar para uma realidade que nunca escolhemos viver.<\/p>\n\n\n\n<p class=\"wp-block-paragraph\">Foi dessa dor que nasceram os meus livros. &#8220;O meu filho tem asas&#8221; e&nbsp; &#8220;O Tempo \u00e9 fodido n\u00e3o te distraias&#8221;.&nbsp;<\/p>\n\n\n\n<p class=\"wp-block-paragraph\">N\u00e3o para ensinar ningu\u00e9m a fazer o luto, porque cada cora\u00e7\u00e3o tem o seu tempo, mas para caminhar ao lado de quem, por momentos, acredita que j\u00e1 n\u00e3o consegue dar mais um passo.<\/p>\n\n\n\n<p class=\"wp-block-paragraph\">Se estas palavras chegarem a uma m\u00e3e ou a um pai que hoje sente o cora\u00e7\u00e3o despeda\u00e7ado, quero apenas deixar um abra\u00e7o.<\/p>\n\n\n\n<p class=\"wp-block-paragraph\">N\u00e3o est\u00e1 sozinho.<\/p>\n\n\n\n<p class=\"wp-block-paragraph\">O seu filho continuar\u00e1 a viver em cada mem\u00f3ria, em cada gesto de amor e em tudo aquilo que fez de si a pessoa que \u00e9 hoje.<\/p>\n\n\n\n<p class=\"wp-block-paragraph\">Respire um dia de cada vez.<\/p>\n\n\n\n<p class=\"wp-block-paragraph\">E, quando sentir que j\u00e1 n\u00e3o consegue caminhar, lembre-se de que, por vezes, a maior coragem n\u00e3o est\u00e1 em dar grandes passos&#8230; mas simplesmente em conseguir levantar-se mais uma vez.<\/p>\n\n\n\n<p class=\"wp-block-paragraph\">Com todo o meu carinho,<\/p>\n\n\n\n<p class=\"wp-block-paragraph\"><strong>A m\u00e3e do meu filho tem asas.<\/strong>&nbsp;\ud83e\udebd\ud83d\udc99<\/p>\n\n\n\n<p class=\"wp-block-paragraph\">Rute Reis Figuinha<\/p>\n","protected":false},"excerpt":{"rendered":"<p>Se perdeu um filho h\u00e1 pouco tempo, talvez sinta que o mundo continua a girar, enquanto o seu parou naquele instante. Talvez lhe digam para ser forte, para seguir em frente, para acreditar que o tempo ajuda. Mas quem perdeu um filho sabe que o tempo n\u00e3o apaga a aus\u00eancia. Apenas nos ensina, lentamente, a&#8230;<\/p>\n","protected":false},"author":1,"featured_media":0,"comment_status":"open","ping_status":"open","sticky":false,"template":"","format":"standard","meta":{"_kad_post_transparent":"","_kad_post_title":"","_kad_post_layout":"","_kad_post_sidebar_id":"","_kad_post_content_style":"","_kad_post_vertical_padding":"","_kad_post_feature":"","_kad_post_feature_position":"","_kad_post_header":false,"_kad_post_footer":false,"_kad_post_classname":"","footnotes":""},"categories":[1],"tags":[],"class_list":["post-67","post","type-post","status-publish","format-standard","hentry","category-luto"],"_links":{"self":[{"href":"https:\/\/omeufilhotemasas.pt\/index.php?rest_route=\/wp\/v2\/posts\/67","targetHints":{"allow":["GET"]}}],"collection":[{"href":"https:\/\/omeufilhotemasas.pt\/index.php?rest_route=\/wp\/v2\/posts"}],"about":[{"href":"https:\/\/omeufilhotemasas.pt\/index.php?rest_route=\/wp\/v2\/types\/post"}],"author":[{"embeddable":true,"href":"https:\/\/omeufilhotemasas.pt\/index.php?rest_route=\/wp\/v2\/users\/1"}],"replies":[{"embeddable":true,"href":"https:\/\/omeufilhotemasas.pt\/index.php?rest_route=%2Fwp%2Fv2%2Fcomments&post=67"}],"version-history":[{"count":1,"href":"https:\/\/omeufilhotemasas.pt\/index.php?rest_route=\/wp\/v2\/posts\/67\/revisions"}],"predecessor-version":[{"id":68,"href":"https:\/\/omeufilhotemasas.pt\/index.php?rest_route=\/wp\/v2\/posts\/67\/revisions\/68"}],"wp:attachment":[{"href":"https:\/\/omeufilhotemasas.pt\/index.php?rest_route=%2Fwp%2Fv2%2Fmedia&parent=67"}],"wp:term":[{"taxonomy":"category","embeddable":true,"href":"https:\/\/omeufilhotemasas.pt\/index.php?rest_route=%2Fwp%2Fv2%2Fcategories&post=67"},{"taxonomy":"post_tag","embeddable":true,"href":"https:\/\/omeufilhotemasas.pt\/index.php?rest_route=%2Fwp%2Fv2%2Ftags&post=67"}],"curies":[{"name":"wp","href":"https:\/\/api.w.org\/{rel}","templated":true}]}}