{"id":25,"date":"2026-07-19T23:06:51","date_gmt":"2026-07-19T23:06:51","guid":{"rendered":"https:\/\/omeufilhotemasas.pt\/?p=25"},"modified":"2026-07-19T23:06:51","modified_gmt":"2026-07-19T23:06:51","slug":"o-nome-do-meu-filho-nao-me-faz-sofrer","status":"publish","type":"post","link":"https:\/\/omeufilhotemasas.pt\/?p=25","title":{"rendered":"O nome do meu filho n\u00e3o me faz sofrer.\u00a0"},"content":{"rendered":"\n<p class=\"wp-block-paragraph\">O sil\u00eancio \u00e9 que faz.<\/p>\n\n\n\n<p class=\"wp-block-paragraph\">Muitas pessoas deixam de falar no nosso filho por receio de nos fazer chorar.<\/p>\n\n\n\n<p class=\"wp-block-paragraph\">Mas sabe uma coisa?<\/p>\n\n\n\n<p class=\"wp-block-paragraph\">N\u00f3s pensamos nele todos os dias.<\/p>\n\n\n\n<p class=\"wp-block-paragraph\">O dia inteiro.<\/p>\n\n\n\n<p class=\"wp-block-paragraph\">Ouvir o seu nome n\u00e3o aumenta a dor.<\/p>\n\n\n\n<p class=\"wp-block-paragraph\">Pelo contr\u00e1rio.<\/p>\n\n\n\n<p class=\"wp-block-paragraph\">Faz-nos sentir que ele continua a ser lembrado.<\/p>\n\n\n\n<p class=\"wp-block-paragraph\">E isso aquece o cora\u00e7\u00e3o.<\/p>\n\n\n\n<p class=\"wp-block-paragraph\">\ud83d\udc99<br>M\u00e3e&nbsp;&nbsp;<\/p>\n","protected":false},"excerpt":{"rendered":"<p>O sil\u00eancio \u00e9 que faz. Muitas pessoas deixam de falar no nosso filho por receio de nos fazer chorar. Mas sabe uma coisa? N\u00f3s pensamos nele todos os dias. O dia inteiro. Ouvir o seu nome n\u00e3o aumenta a dor. Pelo contr\u00e1rio. Faz-nos sentir que ele continua a ser lembrado. E isso aquece o cora\u00e7\u00e3o&#8230;.<\/p>\n","protected":false},"author":1,"featured_media":0,"comment_status":"open","ping_status":"open","sticky":false,"template":"","format":"standard","meta":{"_kad_post_transparent":"","_kad_post_title":"","_kad_post_layout":"","_kad_post_sidebar_id":"","_kad_post_content_style":"","_kad_post_vertical_padding":"","_kad_post_feature":"","_kad_post_feature_position":"","_kad_post_header":false,"_kad_post_footer":false,"_kad_post_classname":"","footnotes":""},"categories":[1],"tags":[],"class_list":["post-25","post","type-post","status-publish","format-standard","hentry","category-luto"],"_links":{"self":[{"href":"https:\/\/omeufilhotemasas.pt\/index.php?rest_route=\/wp\/v2\/posts\/25","targetHints":{"allow":["GET"]}}],"collection":[{"href":"https:\/\/omeufilhotemasas.pt\/index.php?rest_route=\/wp\/v2\/posts"}],"about":[{"href":"https:\/\/omeufilhotemasas.pt\/index.php?rest_route=\/wp\/v2\/types\/post"}],"author":[{"embeddable":true,"href":"https:\/\/omeufilhotemasas.pt\/index.php?rest_route=\/wp\/v2\/users\/1"}],"replies":[{"embeddable":true,"href":"https:\/\/omeufilhotemasas.pt\/index.php?rest_route=%2Fwp%2Fv2%2Fcomments&post=25"}],"version-history":[{"count":1,"href":"https:\/\/omeufilhotemasas.pt\/index.php?rest_route=\/wp\/v2\/posts\/25\/revisions"}],"predecessor-version":[{"id":26,"href":"https:\/\/omeufilhotemasas.pt\/index.php?rest_route=\/wp\/v2\/posts\/25\/revisions\/26"}],"wp:attachment":[{"href":"https:\/\/omeufilhotemasas.pt\/index.php?rest_route=%2Fwp%2Fv2%2Fmedia&parent=25"}],"wp:term":[{"taxonomy":"category","embeddable":true,"href":"https:\/\/omeufilhotemasas.pt\/index.php?rest_route=%2Fwp%2Fv2%2Fcategories&post=25"},{"taxonomy":"post_tag","embeddable":true,"href":"https:\/\/omeufilhotemasas.pt\/index.php?rest_route=%2Fwp%2Fv2%2Ftags&post=25"}],"curies":[{"name":"wp","href":"https:\/\/api.w.org\/{rel}","templated":true}]}}