{"id":172,"date":"2026-07-19T23:54:54","date_gmt":"2026-07-19T23:54:54","guid":{"rendered":"https:\/\/omeufilhotemasas.pt\/?p=172"},"modified":"2026-07-19T23:54:54","modified_gmt":"2026-07-19T23:54:54","slug":"pedir-ajuda-tambem-e-um-ato-de-amor","status":"publish","type":"post","link":"https:\/\/omeufilhotemasas.pt\/?p=172","title":{"rendered":"Pedir Ajuda Tamb\u00e9m \u00c9 Um Ato de Amor"},"content":{"rendered":"\n<p class=\"wp-block-paragraph\">Quando um filho morre, h\u00e1 uma parte de n\u00f3s que morre com ele.<\/p>\n\n\n\n<p class=\"wp-block-paragraph\">N\u00e3o \u00e9 uma frase feita.<\/p>\n\n\n\n<p class=\"wp-block-paragraph\">\u00c9 uma realidade que s\u00f3 quem atravessou esta perda consegue compreender.<\/p>\n\n\n\n<p class=\"wp-block-paragraph\">Nesse instante, o mundo deixa de fazer sentido. As perguntas multiplicam-se, o sil\u00eancio torna-se ensurdecedor e o cora\u00e7\u00e3o passa a carregar um peso para o qual ningu\u00e9m nos preparou.<\/p>\n\n\n\n<p class=\"wp-block-paragraph\">\u00c9 natural que, nos primeiros tempos, sintamos que ningu\u00e9m \u00e9 capaz de compreender a dimens\u00e3o da nossa dor.<\/p>\n\n\n\n<p class=\"wp-block-paragraph\">Nem os amigos.<\/p>\n\n\n\n<p class=\"wp-block-paragraph\">Nem a fam\u00edlia.<\/p>\n\n\n\n<p class=\"wp-block-paragraph\">Nem, por vezes, quem tamb\u00e9m nos ama profundamente.<\/p>\n\n\n\n<p class=\"wp-block-paragraph\">O luto de um pai e de uma m\u00e3e \u00e9 um territ\u00f3rio muito solit\u00e1rio.<\/p>\n\n\n\n<p class=\"wp-block-paragraph\">E talvez seja precisamente por isso que tantas pessoas hesitam em procurar ajuda psicol\u00f3gica.<\/p>\n\n\n\n<p class=\"wp-block-paragraph\">H\u00e1 quem pense:<\/p>\n\n\n\n<p class=\"wp-block-paragraph\"><em>&#8220;Nenhum psic\u00f3logo me pode devolver o meu filho.&#8221;<\/em><\/p>\n\n\n\n<p class=\"wp-block-paragraph\">E \u00e9 verdade.<\/p>\n\n\n\n<p class=\"wp-block-paragraph\">Ningu\u00e9m pode.<\/p>\n\n\n\n<p class=\"wp-block-paragraph\">Mas talvez essa nunca tenha sido a miss\u00e3o da ajuda psicol\u00f3gica.<\/p>\n\n\n\n<p class=\"wp-block-paragraph\">Um psic\u00f3logo n\u00e3o existe para apagar a dor.<\/p>\n\n\n\n<p class=\"wp-block-paragraph\">Existe para ajudar a que a dor n\u00e3o apague quem somos.<\/p>\n\n\n\n<p class=\"wp-block-paragraph\">Existe para caminhar ao nosso lado quando sentimos que j\u00e1 n\u00e3o conseguimos dar mais um passo.<\/p>\n\n\n\n<p class=\"wp-block-paragraph\">Existe para nos oferecer um espa\u00e7o onde podemos dizer tudo aquilo que tantas vezes escondemos de quem nos rodeia.<\/p>\n\n\n\n<p class=\"wp-block-paragraph\">A culpa.<\/p>\n\n\n\n<p class=\"wp-block-paragraph\">A revolta.<\/p>\n\n\n\n<p class=\"wp-block-paragraph\">O medo.<\/p>\n\n\n\n<p class=\"wp-block-paragraph\">O cansa\u00e7o.<\/p>\n\n\n\n<p class=\"wp-block-paragraph\">A vontade de desistir.<\/p>\n\n\n\n<p class=\"wp-block-paragraph\">A sensa\u00e7\u00e3o de que a vida perdeu o sentido.<\/p>\n\n\n\n<p class=\"wp-block-paragraph\">Sentimentos que assustam quando ficam presos dentro de n\u00f3s.<\/p>\n\n\n\n<p class=\"wp-block-paragraph\">Na consulta, n\u00e3o precisamos de fingir que estamos bem.<\/p>\n\n\n\n<p class=\"wp-block-paragraph\">N\u00e3o precisamos de proteger ningu\u00e9m.<\/p>\n\n\n\n<p class=\"wp-block-paragraph\">N\u00e3o precisamos de esconder as l\u00e1grimas.<\/p>\n\n\n\n<p class=\"wp-block-paragraph\">Podemos simplesmente ser.<\/p>\n\n\n\n<p class=\"wp-block-paragraph\">Ser pais.<\/p>\n\n\n\n<p class=\"wp-block-paragraph\">Ser m\u00e3es.<\/p>\n\n\n\n<p class=\"wp-block-paragraph\">Ser pessoas profundamente feridas.<\/p>\n\n\n\n<p class=\"wp-block-paragraph\">E, muitas vezes, \u00e9 nesse espa\u00e7o de escuta que algo come\u00e7a, lentamente, a transformar-se.<\/p>\n\n\n\n<p class=\"wp-block-paragraph\">N\u00e3o a perda.<\/p>\n\n\n\n<p class=\"wp-block-paragraph\">Essa permanecer\u00e1.<\/p>\n\n\n\n<p class=\"wp-block-paragraph\">Mas a forma como carregamos essa perda.<\/p>\n\n\n\n<p class=\"wp-block-paragraph\">A ajuda psicol\u00f3gica n\u00e3o ensina a esquecer.<\/p>\n\n\n\n<p class=\"wp-block-paragraph\">Ensina-nos a viver sem sentir que estamos a trair quem partiu.<\/p>\n\n\n\n<p class=\"wp-block-paragraph\">Ajuda-nos a compreender que voltar a sorrir n\u00e3o significa amar menos.<\/p>\n\n\n\n<p class=\"wp-block-paragraph\">Que continuar a viver n\u00e3o significa abandonar um filho.<\/p>\n\n\n\n<p class=\"wp-block-paragraph\">Que a culpa n\u00e3o \u00e9 uma prova de amor.<\/p>\n\n\n\n<p class=\"wp-block-paragraph\">E que a saudade pode existir sem destruir tudo o resto.<\/p>\n\n\n\n<p class=\"wp-block-paragraph\">H\u00e1 momentos em que o cora\u00e7\u00e3o precisa de mais do que a for\u00e7a de vontade.<\/p>\n\n\n\n<p class=\"wp-block-paragraph\">Precisa de companhia.<\/p>\n\n\n\n<p class=\"wp-block-paragraph\">Precisa de algu\u00e9m que saiba permanecer em sil\u00eancio quando n\u00e3o existem palavras suficientes.<\/p>\n\n\n\n<p class=\"wp-block-paragraph\">Precisa de algu\u00e9m que conhe\u00e7a os caminhos do luto e nos lembre que aquilo que estamos a sentir \u00e9 profundamente humano.<\/p>\n\n\n\n<p class=\"wp-block-paragraph\">Pedir ajuda n\u00e3o \u00e9 sinal de fraqueza.<\/p>\n\n\n\n<p class=\"wp-block-paragraph\">\u00c9 reconhecer que a dor \u00e9 demasiado grande para ser carregada sozinho.<\/p>\n\n\n\n<p class=\"wp-block-paragraph\">\u00c9 perceber que tamb\u00e9m merecemos cuidado.<\/p>\n\n\n\n<p class=\"wp-block-paragraph\">Que tamb\u00e9m temos direito a ser acolhidos.<\/p>\n\n\n\n<p class=\"wp-block-paragraph\">Durante muito tempo, a sociedade ensinou-nos que pedir ajuda era desistir.<\/p>\n\n\n\n<p class=\"wp-block-paragraph\">Hoje acredito exatamente no contr\u00e1rio.<\/p>\n\n\n\n<p class=\"wp-block-paragraph\">Pedir ajuda \u00e9 escolher continuar.<\/p>\n\n\n\n<p class=\"wp-block-paragraph\">\u00c9 dizer \u00e0 vida:<\/p>\n\n\n\n<p class=\"wp-block-paragraph\"><em>&#8220;Ainda estou aqui.&#8221;<\/em><\/p>\n\n\n\n<p class=\"wp-block-paragraph\"><em>&#8220;Ainda d\u00f3i.&#8221;<\/em><\/p>\n\n\n\n<p class=\"wp-block-paragraph\"><em>&#8220;Mas n\u00e3o quero caminhar sozinho.&#8221;<\/em><\/p>\n\n\n\n<p class=\"wp-block-paragraph\">Se perdeste um filho e sentes que o peso da aus\u00eancia se tornou insuport\u00e1vel, n\u00e3o tenhas vergonha de procurar apoio.<\/p>\n\n\n\n<p class=\"wp-block-paragraph\">N\u00e3o porque sejas fraco.<\/p>\n\n\n\n<p class=\"wp-block-paragraph\">Mas porque \u00e9s humano.<\/p>\n\n\n\n<p class=\"wp-block-paragraph\">Porque o amor que sentes pelo teu filho merece ser acompanhado com o mesmo cuidado com que tratarias uma ferida no corpo.<\/p>\n\n\n\n<p class=\"wp-block-paragraph\">O cora\u00e7\u00e3o tamb\u00e9m precisa de cuidados.<\/p>\n\n\n\n<p class=\"wp-block-paragraph\">Tamb\u00e9m precisa de tempo.<\/p>\n\n\n\n<p class=\"wp-block-paragraph\">Tamb\u00e9m precisa de colo.<\/p>\n\n\n\n<p class=\"wp-block-paragraph\">E, por vezes, esse colo encontra-se no consult\u00f3rio de um profissional que n\u00e3o vai retirar-te a dor, mas vai ajudar-te a acreditar que ela n\u00e3o precisa de ser a \u00fanica voz da tua vida.<\/p>\n\n\n\n<p class=\"wp-block-paragraph\">A morte mudou a tua hist\u00f3ria.<\/p>\n\n\n\n<p class=\"wp-block-paragraph\">Mas isso n\u00e3o significa que tenhas de escrever o resto das p\u00e1ginas sozinho.<\/p>\n\n\n\n<p class=\"wp-block-paragraph\">Aceitar uma m\u00e3o estendida n\u00e3o diminui o amor pelo teu filho.<\/p>\n\n\n\n<p class=\"wp-block-paragraph\">Pelo contr\u00e1rio.<\/p>\n\n\n\n<p class=\"wp-block-paragraph\">\u00c9 uma forma de honrar esse amor, escolhendo cuidar da pessoa que ele mais amava: tu.<\/p>\n\n\n\n<p class=\"wp-block-paragraph\">Porque continuar a viver tamb\u00e9m \u00e9 um compromisso com esse amor.<\/p>\n\n\n\n<p class=\"wp-block-paragraph\">E, \u00e0s vezes, a decis\u00e3o mais corajosa n\u00e3o \u00e9 suportar tudo em sil\u00eancio.<\/p>\n\n\n\n<p class=\"wp-block-paragraph\">\u00c9 ter a humildade de dizer:<\/p>\n\n\n\n<p class=\"wp-block-paragraph\"><strong>&#8220;Preciso de ajuda.&#8221;<\/strong><\/p>\n\n\n\n<p class=\"wp-block-paragraph\">E descobrir que, nesse pedido, pode come\u00e7ar um novo caminho.<\/p>\n\n\n\n<p class=\"wp-block-paragraph\">Um caminho onde a dor continua presente.<\/p>\n\n\n\n<p class=\"wp-block-paragraph\">Mas onde a esperan\u00e7a deixa, finalmente, de caminhar t\u00e3o longe.<\/p>\n\n\n\n<p class=\"wp-block-paragraph\">\ud83d\udc99&nbsp;<\/p>\n\n\n\n<p class=\"wp-block-paragraph\">Rute Reis Figuinha<\/p>\n","protected":false},"excerpt":{"rendered":"<p>Quando um filho morre, h\u00e1 uma parte de n\u00f3s que morre com ele. N\u00e3o \u00e9 uma frase feita. \u00c9 uma realidade que s\u00f3 quem atravessou esta perda consegue compreender. Nesse instante, o mundo deixa de fazer sentido. As perguntas multiplicam-se, o sil\u00eancio torna-se ensurdecedor e o cora\u00e7\u00e3o passa a carregar um peso para o qual&#8230;<\/p>\n","protected":false},"author":1,"featured_media":173,"comment_status":"open","ping_status":"open","sticky":false,"template":"","format":"standard","meta":{"_kad_post_transparent":"","_kad_post_title":"","_kad_post_layout":"","_kad_post_sidebar_id":"","_kad_post_content_style":"","_kad_post_vertical_padding":"","_kad_post_feature":"","_kad_post_feature_position":"","_kad_post_header":false,"_kad_post_footer":false,"_kad_post_classname":"","footnotes":""},"categories":[1],"tags":[],"class_list":["post-172","post","type-post","status-publish","format-standard","has-post-thumbnail","hentry","category-luto"],"_links":{"self":[{"href":"https:\/\/omeufilhotemasas.pt\/index.php?rest_route=\/wp\/v2\/posts\/172","targetHints":{"allow":["GET"]}}],"collection":[{"href":"https:\/\/omeufilhotemasas.pt\/index.php?rest_route=\/wp\/v2\/posts"}],"about":[{"href":"https:\/\/omeufilhotemasas.pt\/index.php?rest_route=\/wp\/v2\/types\/post"}],"author":[{"embeddable":true,"href":"https:\/\/omeufilhotemasas.pt\/index.php?rest_route=\/wp\/v2\/users\/1"}],"replies":[{"embeddable":true,"href":"https:\/\/omeufilhotemasas.pt\/index.php?rest_route=%2Fwp%2Fv2%2Fcomments&post=172"}],"version-history":[{"count":1,"href":"https:\/\/omeufilhotemasas.pt\/index.php?rest_route=\/wp\/v2\/posts\/172\/revisions"}],"predecessor-version":[{"id":174,"href":"https:\/\/omeufilhotemasas.pt\/index.php?rest_route=\/wp\/v2\/posts\/172\/revisions\/174"}],"wp:featuredmedia":[{"embeddable":true,"href":"https:\/\/omeufilhotemasas.pt\/index.php?rest_route=\/wp\/v2\/media\/173"}],"wp:attachment":[{"href":"https:\/\/omeufilhotemasas.pt\/index.php?rest_route=%2Fwp%2Fv2%2Fmedia&parent=172"}],"wp:term":[{"taxonomy":"category","embeddable":true,"href":"https:\/\/omeufilhotemasas.pt\/index.php?rest_route=%2Fwp%2Fv2%2Fcategories&post=172"},{"taxonomy":"post_tag","embeddable":true,"href":"https:\/\/omeufilhotemasas.pt\/index.php?rest_route=%2Fwp%2Fv2%2Ftags&post=172"}],"curies":[{"name":"wp","href":"https:\/\/api.w.org\/{rel}","templated":true}]}}