{"id":168,"date":"2026-07-19T23:53:05","date_gmt":"2026-07-19T23:53:05","guid":{"rendered":"https:\/\/omeufilhotemasas.pt\/?p=168"},"modified":"2026-07-19T23:53:05","modified_gmt":"2026-07-19T23:53:05","slug":"eu-nao-escrevo-porque-encontrei-todas-as-respostas-escrevo-porque-aprendi-que-uma-palavra-verdadeira-pode-fazer-companhia-a-um-coracao-partido","status":"publish","type":"post","link":"https:\/\/omeufilhotemasas.pt\/?p=168","title":{"rendered":"&#8220;Eu n\u00e3o escrevo porque encontrei todas as respostas. Escrevo porque aprendi que uma palavra verdadeira pode fazer companhia a um cora\u00e7\u00e3o partido.&#8221;"},"content":{"rendered":"\n<p class=\"wp-block-paragraph\">A Minha Escrita Nasceu da Verdade<\/p>\n\n\n\n<p class=\"wp-block-paragraph\">Nunca pensei que um dia as minhas palavras pudessem chegar ao cora\u00e7\u00e3o de tantas pessoas.<\/p>\n\n\n\n<p class=\"wp-block-paragraph\">Na verdade, eu n\u00e3o comecei a escrever para ensinar ningu\u00e9m.<\/p>\n\n\n\n<p class=\"wp-block-paragraph\">Comecei a escrever porque o sil\u00eancio j\u00e1 n\u00e3o cabia dentro de mim.<\/p>\n\n\n\n<p class=\"wp-block-paragraph\">Escrevi porque havia uma dor que precisava de encontrar um lugar onde pudesse respirar. Escrevi porque o amor pelo meu filho era demasiado grande para terminar no dia em que ele partiu. Escrevi porque descobri que, quando as l\u00e1grimas encontram palavras, deixam de ser apenas sofrimento e transformam-se em encontro.<\/p>\n\n\n\n<p class=\"wp-block-paragraph\">Com o tempo, percebi que a minha hist\u00f3ria j\u00e1 n\u00e3o era apenas minha.<\/p>\n\n\n\n<p class=\"wp-block-paragraph\">Cada texto que partilhava encontrava algu\u00e9m que dizia:<br><em>&#8220;\u00c9 exatamente isto que eu sinto.&#8221;<\/em><\/p>\n\n\n\n<p class=\"wp-block-paragraph\">E foi a\u00ed que compreendi que a minha miss\u00e3o nunca foi escrever sobre a morte.<\/p>\n\n\n\n<p class=\"wp-block-paragraph\">A minha miss\u00e3o \u00e9 escrever sobre o amor que permanece.<\/p>\n\n\n\n<p class=\"wp-block-paragraph\">N\u00e3o procuro esconder a dor.<\/p>\n\n\n\n<p class=\"wp-block-paragraph\">Seria desonesto faz\u00ea-lo.<\/p>\n\n\n\n<p class=\"wp-block-paragraph\">O luto d\u00f3i.<\/p>\n\n\n\n<p class=\"wp-block-paragraph\">H\u00e1 dias em que a saudade pesa mais do que consigo explicar.<\/p>\n\n\n\n<p class=\"wp-block-paragraph\">H\u00e1 datas que continuam a roubar-me o f\u00f4lego.<\/p>\n\n\n\n<p class=\"wp-block-paragraph\">H\u00e1 momentos em que o cora\u00e7\u00e3o ainda pergunta &#8220;porqu\u00ea?&#8221;.<\/p>\n\n\n\n<p class=\"wp-block-paragraph\">Mas tamb\u00e9m descobri que a verdade n\u00e3o vive apenas na dor.<\/p>\n\n\n\n<p class=\"wp-block-paragraph\">Vive no amor que ficou.<\/p>\n\n\n\n<p class=\"wp-block-paragraph\">\u00c9 esse amor que me levanta quando a saudade me quer prender ao ch\u00e3o.<\/p>\n\n\n\n<p class=\"wp-block-paragraph\">\u00c9 esse amor que me faz acreditar que o nome do meu filho continua a ter uma miss\u00e3o neste mundo.<\/p>\n\n\n\n<p class=\"wp-block-paragraph\">\u00c9 esse amor que me leva a escrever, a abra\u00e7ar outras pessoas atrav\u00e9s das palavras e a lembrar-lhes que n\u00e3o est\u00e3o sozinhas.<\/p>\n\n\n\n<p class=\"wp-block-paragraph\">N\u00e3o escrevo frases bonitas para aliviar o sofrimento de ningu\u00e9m.<\/p>\n\n\n\n<p class=\"wp-block-paragraph\">Escrevo aquilo que vivi.<\/p>\n\n\n\n<p class=\"wp-block-paragraph\">Escrevo aquilo que continuo a viver.<\/p>\n\n\n\n<p class=\"wp-block-paragraph\">Escrevo aquilo que muitas pessoas sentem, mas n\u00e3o conseguem dizer.<\/p>\n\n\n\n<p class=\"wp-block-paragraph\">Talvez seja por isso que quem l\u00ea os meus textos se reconhece neles.<\/p>\n\n\n\n<p class=\"wp-block-paragraph\">Porque n\u00e3o encontra respostas perfeitas.<\/p>\n\n\n\n<p class=\"wp-block-paragraph\">Encontra verdade.<\/p>\n\n\n\n<p class=\"wp-block-paragraph\">E acredito que a verdade tem um poder extraordin\u00e1rio.<\/p>\n\n\n\n<p class=\"wp-block-paragraph\">Quando algu\u00e9m se sente compreendido, deixa de lutar sozinho.<\/p>\n\n\n\n<p class=\"wp-block-paragraph\">Quando algu\u00e9m percebe que as suas l\u00e1grimas s\u00e3o normais, a culpa come\u00e7a a perder for\u00e7a.<\/p>\n\n\n\n<p class=\"wp-block-paragraph\">Quando algu\u00e9m descobre que pode continuar a amar sem deixar de viver, nasce uma esperan\u00e7a diferente.<\/p>\n\n\n\n<p class=\"wp-block-paragraph\">Uma esperan\u00e7a que n\u00e3o promete o imposs\u00edvel.<\/p>\n\n\n\n<p class=\"wp-block-paragraph\">Uma esperan\u00e7a que n\u00e3o apaga a saudade.<\/p>\n\n\n\n<p class=\"wp-block-paragraph\">Uma esperan\u00e7a que caminha de m\u00e3os dadas com a dor.<\/p>\n\n\n\n<p class=\"wp-block-paragraph\">Se hoje continuo a escrever, n\u00e3o \u00e9 porque tenha vencido o luto.<\/p>\n\n\n\n<p class=\"wp-block-paragraph\">\u00c9 porque aprendi que o amor pode transformar a dor em presen\u00e7a.<\/p>\n\n\n\n<p class=\"wp-block-paragraph\">Cada palavra que partilho \u00e9 uma forma de dizer ao meu filho que continuo a lev\u00e1-lo comigo.<\/p>\n\n\n\n<p class=\"wp-block-paragraph\">Cada texto \u00e9 um abra\u00e7o oferecido a quem acredita que nunca mais conseguir\u00e1 respirar.<\/p>\n\n\n\n<p class=\"wp-block-paragraph\">Cada reflex\u00e3o \u00e9 uma pequena luz acesa na vida de algu\u00e9m que atravessa a noite mais escura da sua exist\u00eancia.<\/p>\n\n\n\n<p class=\"wp-block-paragraph\">Se existe alguma for\u00e7a naquilo que escrevo, ela n\u00e3o vem de mim.<\/p>\n\n\n\n<p class=\"wp-block-paragraph\">Vem do amor.<\/p>\n\n\n\n<p class=\"wp-block-paragraph\">Porque foi o amor que me ensinou a levantar depois de cair.<\/p>\n\n\n\n<p class=\"wp-block-paragraph\">Foi o amor que me mostrou que a morte pode interromper uma vida, mas nunca consegue interromper aquilo que um cora\u00e7\u00e3o escolheu guardar para sempre.<\/p>\n\n\n\n<p class=\"wp-block-paragraph\">Essa \u00e9 a verdade da minha escrita.<\/p>\n\n\n\n<p class=\"wp-block-paragraph\">N\u00e3o nasceu da coragem.<\/p>\n\n\n\n<p class=\"wp-block-paragraph\">Nasceu do amor.<\/p>\n\n\n\n<p class=\"wp-block-paragraph\">E enquanto o amor continuar vivo dentro de mim, continuarei a escrever.<\/p>\n\n\n\n<p class=\"wp-block-paragraph\">N\u00e3o para ensinar ningu\u00e9m a deixar de sofrer.<\/p>\n\n\n\n<p class=\"wp-block-paragraph\">Mas para recordar, todos os dias, que nenhuma perda \u00e9 maior do que o amor que lhe deu origem.<\/p>\n\n\n\n<p class=\"wp-block-paragraph\">Porque \u00e9 dessa verdade que nasce a esperan\u00e7a.<\/p>\n\n\n\n<p class=\"wp-block-paragraph\">Rute Reis Figuinha<\/p>\n\n\n\n<p class=\"wp-block-paragraph\">\ud83d\udc99&nbsp;<\/p>\n","protected":false},"excerpt":{"rendered":"<p>A Minha Escrita Nasceu da Verdade Nunca pensei que um dia as minhas palavras pudessem chegar ao cora\u00e7\u00e3o de tantas pessoas. Na verdade, eu n\u00e3o comecei a escrever para ensinar ningu\u00e9m. Comecei a escrever porque o sil\u00eancio j\u00e1 n\u00e3o cabia dentro de mim. Escrevi porque havia uma dor que precisava de encontrar um lugar onde&#8230;<\/p>\n","protected":false},"author":1,"featured_media":0,"comment_status":"open","ping_status":"open","sticky":false,"template":"","format":"standard","meta":{"_kad_post_transparent":"","_kad_post_title":"","_kad_post_layout":"","_kad_post_sidebar_id":"","_kad_post_content_style":"","_kad_post_vertical_padding":"","_kad_post_feature":"","_kad_post_feature_position":"","_kad_post_header":false,"_kad_post_footer":false,"_kad_post_classname":"","footnotes":""},"categories":[1],"tags":[],"class_list":["post-168","post","type-post","status-publish","format-standard","hentry","category-luto"],"_links":{"self":[{"href":"https:\/\/omeufilhotemasas.pt\/index.php?rest_route=\/wp\/v2\/posts\/168","targetHints":{"allow":["GET"]}}],"collection":[{"href":"https:\/\/omeufilhotemasas.pt\/index.php?rest_route=\/wp\/v2\/posts"}],"about":[{"href":"https:\/\/omeufilhotemasas.pt\/index.php?rest_route=\/wp\/v2\/types\/post"}],"author":[{"embeddable":true,"href":"https:\/\/omeufilhotemasas.pt\/index.php?rest_route=\/wp\/v2\/users\/1"}],"replies":[{"embeddable":true,"href":"https:\/\/omeufilhotemasas.pt\/index.php?rest_route=%2Fwp%2Fv2%2Fcomments&post=168"}],"version-history":[{"count":1,"href":"https:\/\/omeufilhotemasas.pt\/index.php?rest_route=\/wp\/v2\/posts\/168\/revisions"}],"predecessor-version":[{"id":169,"href":"https:\/\/omeufilhotemasas.pt\/index.php?rest_route=\/wp\/v2\/posts\/168\/revisions\/169"}],"wp:attachment":[{"href":"https:\/\/omeufilhotemasas.pt\/index.php?rest_route=%2Fwp%2Fv2%2Fmedia&parent=168"}],"wp:term":[{"taxonomy":"category","embeddable":true,"href":"https:\/\/omeufilhotemasas.pt\/index.php?rest_route=%2Fwp%2Fv2%2Fcategories&post=168"},{"taxonomy":"post_tag","embeddable":true,"href":"https:\/\/omeufilhotemasas.pt\/index.php?rest_route=%2Fwp%2Fv2%2Ftags&post=168"}],"curies":[{"name":"wp","href":"https:\/\/api.w.org\/{rel}","templated":true}]}}