{"id":152,"date":"2026-07-19T23:48:28","date_gmt":"2026-07-19T23:48:28","guid":{"rendered":"https:\/\/omeufilhotemasas.pt\/?p=152"},"modified":"2026-07-19T23:48:28","modified_gmt":"2026-07-19T23:48:28","slug":"quando-a-dor-parece-o-ultimo-lugar-onde-o-meu-filho-ainda-vive","status":"publish","type":"post","link":"https:\/\/omeufilhotemasas.pt\/?p=152","title":{"rendered":"Quando a Dor Parece o \u00daltimo Lugar Onde o Meu Filho Ainda Vive"},"content":{"rendered":"\n<p class=\"wp-block-paragraph\">H\u00e1 uma verdade de que quase ningu\u00e9m fala.<\/p>\n\n\n\n<p class=\"wp-block-paragraph\">Nem todos os pais enlutados querem sentir-se melhor.<\/p>\n\n\n\n<p class=\"wp-block-paragraph\">N\u00e3o porque gostem de sofrer.<\/p>\n\n\n\n<p class=\"wp-block-paragraph\">Mas porque, durante muito tempo, a dor parece ser o \u00faltimo lugar onde o filho ainda existe.<\/p>\n\n\n\n<p class=\"wp-block-paragraph\">\u00c9 dif\u00edcil explicar isto a quem nunca perdeu um filho.<\/p>\n\n\n\n<p class=\"wp-block-paragraph\">As pessoas dizem-nos que precisamos de seguir em frente, de voltar a viver, de recuperar a alegria. Dizem-no com boa inten\u00e7\u00e3o. Querem ver-nos bem.<\/p>\n\n\n\n<p class=\"wp-block-paragraph\">Mas, dentro de n\u00f3s, instala-se um medo silencioso.<\/p>\n\n\n\n<p class=\"wp-block-paragraph\">E se, ao voltar a sorrir, o estiver a esquecer?<\/p>\n\n\n\n<p class=\"wp-block-paragraph\">E se, ao voltar a fazer planos, deixar de o levar comigo?<\/p>\n\n\n\n<p class=\"wp-block-paragraph\">E se a felicidade apagar aquilo que a dor ainda mant\u00e9m vivo?<\/p>\n\n\n\n<p class=\"wp-block-paragraph\">\u00c9 um pensamento duro. Quase imposs\u00edvel de confessar.<\/p>\n\n\n\n<p class=\"wp-block-paragraph\">Porque ningu\u00e9m quer viver mergulhado na tristeza.<\/p>\n\n\n\n<p class=\"wp-block-paragraph\">Mas tamb\u00e9m ningu\u00e9m quer perder, pela segunda vez, quem mais ama.<\/p>\n\n\n\n<p class=\"wp-block-paragraph\">Durante algum tempo, a dor torna-se uma esp\u00e9cie de ref\u00fagio.<\/p>\n\n\n\n<p class=\"wp-block-paragraph\">\u00c9 nela que continuamos a conversar com o nosso filho.<\/p>\n\n\n\n<p class=\"wp-block-paragraph\">\u00c9 nela que revivemos mem\u00f3rias.<\/p>\n\n\n\n<p class=\"wp-block-paragraph\">\u00c9 nela que sentimos que o amor ainda pulsa com a mesma intensidade.<\/p>\n\n\n\n<p class=\"wp-block-paragraph\">Sem darmos conta, come\u00e7amos a acreditar que sofrer \u00e9 uma forma de continuar a amar.<\/p>\n\n\n\n<p class=\"wp-block-paragraph\">E \u00e9 aqui que nasce a maior amargura do luto.<\/p>\n\n\n\n<p class=\"wp-block-paragraph\">N\u00e3o \u00e9 apenas a aus\u00eancia.<\/p>\n\n\n\n<p class=\"wp-block-paragraph\">\u00c9 a culpa de imaginar uma vida onde ainda possa existir espa\u00e7o para a paz.<\/p>\n\n\n\n<p class=\"wp-block-paragraph\">Como se a serenidade fosse uma trai\u00e7\u00e3o.<\/p>\n\n\n\n<p class=\"wp-block-paragraph\">Como se a felicidade fosse uma despedida definitiva.<\/p>\n\n\n\n<p class=\"wp-block-paragraph\">Mas o amor nunca nos pediu esse sacrif\u00edcio.<\/p>\n\n\n\n<p class=\"wp-block-paragraph\">Nunca.<\/p>\n\n\n\n<p class=\"wp-block-paragraph\">Um filho n\u00e3o precisa da tristeza dos pais para continuar a ser amado.<\/p>\n\n\n\n<p class=\"wp-block-paragraph\">O amor n\u00e3o depende das l\u00e1grimas.<\/p>\n\n\n\n<p class=\"wp-block-paragraph\">Depende da liga\u00e7\u00e3o que permanece.<\/p>\n\n\n\n<p class=\"wp-block-paragraph\">H\u00e1 um momento, diferente para cada pessoa, em que come\u00e7amos a perceber uma verdade que assusta e, ao mesmo tempo, liberta.<\/p>\n\n\n\n<p class=\"wp-block-paragraph\">O amor n\u00e3o vive apenas na dor.<\/p>\n\n\n\n<p class=\"wp-block-paragraph\">Vive tamb\u00e9m na gratid\u00e3o.<\/p>\n\n\n\n<p class=\"wp-block-paragraph\">Na mem\u00f3ria.<\/p>\n\n\n\n<p class=\"wp-block-paragraph\">Na forma como escolhemos viver.<\/p>\n\n\n\n<p class=\"wp-block-paragraph\">Na pessoa em que nos torn\u00e1mos por termos amado aquele filho.<\/p>\n\n\n\n<p class=\"wp-block-paragraph\">Nesse instante, compreendemos que podemos guardar a saudade sem fazer dela uma pris\u00e3o.<\/p>\n\n\n\n<p class=\"wp-block-paragraph\">Podemos continuar a chorar em alguns dias e, noutros, permitir-nos sorrir.<\/p>\n\n\n\n<p class=\"wp-block-paragraph\">Podemos falar do nosso filho sem que todas as palavras terminem em l\u00e1grimas.<\/p>\n\n\n\n<p class=\"wp-block-paragraph\">Podemos voltar a sentir esperan\u00e7a sem que isso diminua um \u00fanico mil\u00edmetro do amor que sentimos.<\/p>\n\n\n\n<p class=\"wp-block-paragraph\">O luto n\u00e3o nos pede para esquecer.<\/p>\n\n\n\n<p class=\"wp-block-paragraph\">Pede-nos apenas que deixemos de acreditar que a dor \u00e9 o \u00fanico lugar onde o amor habita.<\/p>\n\n\n\n<p class=\"wp-block-paragraph\">Porque n\u00e3o \u00e9.<\/p>\n\n\n\n<p class=\"wp-block-paragraph\">O amor est\u00e1 em tudo o que fazemos inspirados por quem partiu.<\/p>\n\n\n\n<p class=\"wp-block-paragraph\">Est\u00e1 nos abra\u00e7os que oferecemos.<\/p>\n\n\n\n<p class=\"wp-block-paragraph\">Na m\u00e3o que estendemos a quem sofre.<\/p>\n\n\n\n<p class=\"wp-block-paragraph\">Nas hist\u00f3rias que continuamos a contar.<\/p>\n\n\n\n<p class=\"wp-block-paragraph\">Na forma como pronunciamos o nome do nosso filho com ternura, sem medo de que o tempo o apague.<\/p>\n\n\n\n<p class=\"wp-block-paragraph\">A maior homenagem que podemos prestar a quem amamos talvez n\u00e3o seja viver eternamente de cora\u00e7\u00e3o partido.<\/p>\n\n\n\n<p class=\"wp-block-paragraph\">Talvez seja permitir que o amor recebido continue a transformar o mundo atrav\u00e9s de n\u00f3s.<\/p>\n\n\n\n<p class=\"wp-block-paragraph\">A dor continuar\u00e1 a visitar-nos.<\/p>\n\n\n\n<p class=\"wp-block-paragraph\">Haver\u00e1 datas que doem.<\/p>\n\n\n\n<p class=\"wp-block-paragraph\">Fotografias que roubam o f\u00f4lego.<\/p>\n\n\n\n<p class=\"wp-block-paragraph\">Sil\u00eancios que pesam mais do que qualquer palavra.<\/p>\n\n\n\n<p class=\"wp-block-paragraph\">Mas, pouco a pouco, percebemos que o nosso filho nunca viveu apenas na dor.<\/p>\n\n\n\n<p class=\"wp-block-paragraph\">Viveu no amor.<\/p>\n\n\n\n<p class=\"wp-block-paragraph\">E \u00e9 nesse amor que continuar\u00e1 sempre a existir.<\/p>\n\n\n\n<p class=\"wp-block-paragraph\">Hoje acredito que o verdadeiro desafio do luto n\u00e3o \u00e9 aprender a sobreviver \u00e0 perda.<\/p>\n\n\n\n<p class=\"wp-block-paragraph\">\u00c9 acreditar que o amor permanece, mesmo quando a dor come\u00e7a, finalmente, a dar espa\u00e7o \u00e0 paz.<\/p>\n\n\n\n<p class=\"wp-block-paragraph\">Porque a paz n\u00e3o substitui o amor.<\/p>\n\n\n\n<p class=\"wp-block-paragraph\">\u00c9, muitas vezes, o lugar onde o amor encontra a sua forma mais serena de permanecer.<\/p>\n\n\n\n<p class=\"wp-block-paragraph\">Rute Reis Figuinha<\/p>\n\n\n\n<p class=\"wp-block-paragraph\">\ud83d\udc99&nbsp;<\/p>\n","protected":false},"excerpt":{"rendered":"<p>H\u00e1 uma verdade de que quase ningu\u00e9m fala. Nem todos os pais enlutados querem sentir-se melhor. N\u00e3o porque gostem de sofrer. Mas porque, durante muito tempo, a dor parece ser o \u00faltimo lugar onde o filho ainda existe. \u00c9 dif\u00edcil explicar isto a quem nunca perdeu um filho. As pessoas dizem-nos que precisamos de seguir&#8230;<\/p>\n","protected":false},"author":1,"featured_media":0,"comment_status":"open","ping_status":"open","sticky":false,"template":"","format":"standard","meta":{"_kad_post_transparent":"","_kad_post_title":"","_kad_post_layout":"","_kad_post_sidebar_id":"","_kad_post_content_style":"","_kad_post_vertical_padding":"","_kad_post_feature":"","_kad_post_feature_position":"","_kad_post_header":false,"_kad_post_footer":false,"_kad_post_classname":"","footnotes":""},"categories":[1],"tags":[],"class_list":["post-152","post","type-post","status-publish","format-standard","hentry","category-luto"],"_links":{"self":[{"href":"https:\/\/omeufilhotemasas.pt\/index.php?rest_route=\/wp\/v2\/posts\/152","targetHints":{"allow":["GET"]}}],"collection":[{"href":"https:\/\/omeufilhotemasas.pt\/index.php?rest_route=\/wp\/v2\/posts"}],"about":[{"href":"https:\/\/omeufilhotemasas.pt\/index.php?rest_route=\/wp\/v2\/types\/post"}],"author":[{"embeddable":true,"href":"https:\/\/omeufilhotemasas.pt\/index.php?rest_route=\/wp\/v2\/users\/1"}],"replies":[{"embeddable":true,"href":"https:\/\/omeufilhotemasas.pt\/index.php?rest_route=%2Fwp%2Fv2%2Fcomments&post=152"}],"version-history":[{"count":1,"href":"https:\/\/omeufilhotemasas.pt\/index.php?rest_route=\/wp\/v2\/posts\/152\/revisions"}],"predecessor-version":[{"id":153,"href":"https:\/\/omeufilhotemasas.pt\/index.php?rest_route=\/wp\/v2\/posts\/152\/revisions\/153"}],"wp:attachment":[{"href":"https:\/\/omeufilhotemasas.pt\/index.php?rest_route=%2Fwp%2Fv2%2Fmedia&parent=152"}],"wp:term":[{"taxonomy":"category","embeddable":true,"href":"https:\/\/omeufilhotemasas.pt\/index.php?rest_route=%2Fwp%2Fv2%2Fcategories&post=152"},{"taxonomy":"post_tag","embeddable":true,"href":"https:\/\/omeufilhotemasas.pt\/index.php?rest_route=%2Fwp%2Fv2%2Ftags&post=152"}],"curies":[{"name":"wp","href":"https:\/\/api.w.org\/{rel}","templated":true}]}}